{"id":217,"date":"2025-11-17T11:05:00","date_gmt":"2025-11-17T14:05:00","guid":{"rendered":"http:\/\/derecho.face.ubiobio.cl\/?p=217"},"modified":"2026-01-06T15:48:15","modified_gmt":"2026-01-06T18:48:15","slug":"ubb-y-colegio-de-abogados-formalizan-convenio-de-cooperacion-para-el-desarrollo-profesional-y-disciplinar","status":"publish","type":"post","link":"https:\/\/derecho.face.ubiobio.cl\/?p=217","title":{"rendered":"UBB y Colegio de Abogados formalizan convenio de cooperaci\u00f3n para el desarrollo profesional y disciplinar"},"content":{"rendered":"\n<p><strong>El rector Dr. Benito Uma\u00f1a Hermosilla se reuni\u00f3 el viernes 14 de noviembre con el presidente del Colegio de Abogados Regional Concepci\u00f3n A.G. Felipe Lagos Torres, oportunidad en que formalizaron el convenio de colaboraci\u00f3n recientemente suscrito por ambas instituciones. Asimismo, abordaron alternativas de trabajo conjunto para el desarrollo de la profesi\u00f3n y las distintas especialidades que abarca el Derecho.<\/strong><\/p>\n\n\n\n<p>En la cita -que tuvo lugar en dependencias de la Rector\u00eda- participaron tambi\u00e9n la decana de la Facultad de Ciencias Empresariales (FACE) Elizabeth Grand\u00f3n Toledo, la directora general de Relaciones Institucionales Nelly G\u00f3mez Fuentealba y el director de la Escuela de Derecho Benjam\u00edn Vicente Vielma. Felipe Lagos, en tanto, vino acompa\u00f1ado por el consejero del Colegio F\u00e9lix O\u00f1ate Gonz\u00e1lez.<\/p>\n\n\n\n<p>El rector Uma\u00f1a record\u00f3 que nuestra Universidad comenz\u00f3 a impartir la carrera de Derecho este a\u00f1o, adscrita a la FACE, con el objetivo de entregar a las y los estudiantes una formaci\u00f3n s\u00f3lida e integral en las disciplinas jur\u00eddicas, as\u00ed como en \u00e1reas relevantes de la econom\u00eda, la administraci\u00f3n y las tecnolog\u00edas de la informaci\u00f3n. Esta articulaci\u00f3n puede proyectarse tambi\u00e9n a otras especialidades que abarca el quehacer de la UBB y a las redes de colaboraci\u00f3n interuniversitaria e interinstitucional, a trav\u00e9s de iniciativas que promuevan el crecimiento profesional y social de las personas y la comunidad local y regional, dijo.<\/p>\n\n\n\n<p>Por su parte, el presidente del Colegio de Abogados se refiri\u00f3 al inter\u00e9s de la agrupaci\u00f3n gremial por estrechar los lazos con la academia y ampliar las posibilidades de desarrollo de la abogac\u00eda en \u00e1mbitos vinculados a las demandas de la Regi\u00f3n, como el derecho naviero.<\/p>\n\n\n\n<p>El convenio de colaboraci\u00f3n entre la UBB y el Colegio de Abogados Regional Concepci\u00f3n A.G. establece un marco de cooperaci\u00f3n que permitir\u00e1 el desarrollo conjunto de actividades acad\u00e9micas, de investigaci\u00f3n, capacitaci\u00f3n, extensi\u00f3n y asistencia t\u00e9cnica, en \u00e1reas de inter\u00e9s com\u00fan, adem\u00e1s del intercambio de informaci\u00f3n y publicaciones y la organizaci\u00f3n de seminarios o conferencias.<\/p>\n\n\n\n<figure class=\"wp-block-gallery has-nested-images columns-default is-cropped wp-block-gallery-1 is-layout-flex wp-block-gallery-is-layout-flex\">\n<figure class=\"wp-block-image size-large\"><img fetchpriority=\"high\" decoding=\"async\" width=\"1024\" height=\"578\" data-id=\"221\" src=\"http:\/\/derecho.face.ubiobio.cl\/wp-content\/uploads\/2025\/11\/DSC_4116-1108x625-1-1024x578.jpg\" alt=\"\" class=\"wp-image-221\" srcset=\"https:\/\/derecho.face.ubiobio.cl\/wp-content\/uploads\/2025\/11\/DSC_4116-1108x625-1-1024x578.jpg 1024w, https:\/\/derecho.face.ubiobio.cl\/wp-content\/uploads\/2025\/11\/DSC_4116-1108x625-1-300x169.jpg 300w, https:\/\/derecho.face.ubiobio.cl\/wp-content\/uploads\/2025\/11\/DSC_4116-1108x625-1-768x433.jpg 768w, https:\/\/derecho.face.ubiobio.cl\/wp-content\/uploads\/2025\/11\/DSC_4116-1108x625-1.jpg 1108w\" sizes=\"(max-width: 1024px) 100vw, 1024px\" \/><\/figure>\n\n\n\n<figure class=\"wp-block-image size-large\"><img decoding=\"async\" width=\"1024\" height=\"577\" data-id=\"220\" src=\"http:\/\/derecho.face.ubiobio.cl\/wp-content\/uploads\/2025\/11\/DSC_4102-1-1110x625-1-1024x577.jpg\" alt=\"\" class=\"wp-image-220\" srcset=\"https:\/\/derecho.face.ubiobio.cl\/wp-content\/uploads\/2025\/11\/DSC_4102-1-1110x625-1-1024x577.jpg 1024w, https:\/\/derecho.face.ubiobio.cl\/wp-content\/uploads\/2025\/11\/DSC_4102-1-1110x625-1-300x169.jpg 300w, https:\/\/derecho.face.ubiobio.cl\/wp-content\/uploads\/2025\/11\/DSC_4102-1-1110x625-1-768x432.jpg 768w, https:\/\/derecho.face.ubiobio.cl\/wp-content\/uploads\/2025\/11\/DSC_4102-1-1110x625-1.jpg 1110w\" sizes=\"(max-width: 1024px) 100vw, 1024px\" \/><\/figure>\n\n\n\n<figure class=\"wp-block-image size-large\"><img decoding=\"async\" width=\"1024\" height=\"577\" data-id=\"222\" src=\"http:\/\/derecho.face.ubiobio.cl\/wp-content\/uploads\/2025\/11\/DSC_4090-1-1110x625-1-1024x577.jpg\" alt=\"\" class=\"wp-image-222\" srcset=\"https:\/\/derecho.face.ubiobio.cl\/wp-content\/uploads\/2025\/11\/DSC_4090-1-1110x625-1-1024x577.jpg 1024w, https:\/\/derecho.face.ubiobio.cl\/wp-content\/uploads\/2025\/11\/DSC_4090-1-1110x625-1-300x169.jpg 300w, https:\/\/derecho.face.ubiobio.cl\/wp-content\/uploads\/2025\/11\/DSC_4090-1-1110x625-1-768x432.jpg 768w, https:\/\/derecho.face.ubiobio.cl\/wp-content\/uploads\/2025\/11\/DSC_4090-1-1110x625-1.jpg 1110w\" sizes=\"(max-width: 1024px) 100vw, 1024px\" \/><\/figure>\n\n\n\n<figure class=\"wp-block-image size-large\"><img loading=\"lazy\" decoding=\"async\" width=\"1024\" height=\"582\" data-id=\"223\" src=\"http:\/\/derecho.face.ubiobio.cl\/wp-content\/uploads\/2025\/11\/DSC_4071-1099x625-1-1024x582.jpg\" alt=\"\" class=\"wp-image-223\" srcset=\"https:\/\/derecho.face.ubiobio.cl\/wp-content\/uploads\/2025\/11\/DSC_4071-1099x625-1-1024x582.jpg 1024w, https:\/\/derecho.face.ubiobio.cl\/wp-content\/uploads\/2025\/11\/DSC_4071-1099x625-1-300x171.jpg 300w, https:\/\/derecho.face.ubiobio.cl\/wp-content\/uploads\/2025\/11\/DSC_4071-1099x625-1-768x437.jpg 768w, https:\/\/derecho.face.ubiobio.cl\/wp-content\/uploads\/2025\/11\/DSC_4071-1099x625-1.jpg 1099w\" sizes=\"(max-width: 1024px) 100vw, 1024px\" \/><\/figure>\n<\/figure>\n\n\n\n<p><\/p>\n","protected":false},"excerpt":{"rendered":"<p>El rector Dr. Benito Uma\u00f1a Hermosilla se reuni\u00f3 el viernes 14 de noviembre con el presidente del Colegio de Abogados Regional Concepci\u00f3n A.G. Felipe Lagos Torres, oportunidad en que formalizaron el convenio de colaboraci\u00f3n recientemente suscrito por ambas instituciones. Asimismo, abordaron alternativas de trabajo conjunto para el desarrollo de la profesi\u00f3n y las distintas especialidades [&hellip;]<\/p>\n","protected":false},"author":1,"featured_media":223,"comment_status":"open","ping_status":"open","sticky":false,"template":"","format":"standard","meta":{"footnotes":""},"categories":[8],"tags":[],"class_list":["post-217","post","type-post","status-publish","format-standard","has-post-thumbnail","hentry","category-noticias-de-interes"],"_links":{"self":[{"href":"https:\/\/derecho.face.ubiobio.cl\/index.php?rest_route=\/wp\/v2\/posts\/217","targetHints":{"allow":["GET"]}}],"collection":[{"href":"https:\/\/derecho.face.ubiobio.cl\/index.php?rest_route=\/wp\/v2\/posts"}],"about":[{"href":"https:\/\/derecho.face.ubiobio.cl\/index.php?rest_route=\/wp\/v2\/types\/post"}],"author":[{"embeddable":true,"href":"https:\/\/derecho.face.ubiobio.cl\/index.php?rest_route=\/wp\/v2\/users\/1"}],"replies":[{"embeddable":true,"href":"https:\/\/derecho.face.ubiobio.cl\/index.php?rest_route=%2Fwp%2Fv2%2Fcomments&post=217"}],"version-history":[{"count":2,"href":"https:\/\/derecho.face.ubiobio.cl\/index.php?rest_route=\/wp\/v2\/posts\/217\/revisions"}],"predecessor-version":[{"id":1484,"href":"https:\/\/derecho.face.ubiobio.cl\/index.php?rest_route=\/wp\/v2\/posts\/217\/revisions\/1484"}],"wp:featuredmedia":[{"embeddable":true,"href":"https:\/\/derecho.face.ubiobio.cl\/index.php?rest_route=\/wp\/v2\/media\/223"}],"wp:attachment":[{"href":"https:\/\/derecho.face.ubiobio.cl\/index.php?rest_route=%2Fwp%2Fv2%2Fmedia&parent=217"}],"wp:term":[{"taxonomy":"category","embeddable":true,"href":"https:\/\/derecho.face.ubiobio.cl\/index.php?rest_route=%2Fwp%2Fv2%2Fcategories&post=217"},{"taxonomy":"post_tag","embeddable":true,"href":"https:\/\/derecho.face.ubiobio.cl\/index.php?rest_route=%2Fwp%2Fv2%2Ftags&post=217"}],"curies":[{"name":"wp","href":"https:\/\/api.w.org\/{rel}","templated":true}]}}