{"id":231,"date":"2025-11-12T23:35:52","date_gmt":"2025-11-13T02:35:52","guid":{"rendered":"https:\/\/derecho.face.ubiobio.cl\/?p=231"},"modified":"2025-11-25T23:38:01","modified_gmt":"2025-11-26T02:38:01","slug":"academica-valentina-rieseco-obtiene-el-grado-de-doctora-en-derecho-en-la-university-of-edinburgh","status":"publish","type":"post","link":"https:\/\/derecho.face.ubiobio.cl\/?p=231","title":{"rendered":"Acad\u00e9mica Valentina Rieseco obtiene el grado de Doctora en Derecho en la University of Edinburgh"},"content":{"rendered":"\n<p>La Facultad de Ciencias Empresariales de la Universidad del B\u00edo-B\u00edo (FACE-UBB) destac\u00f3 el importante logro acad\u00e9mico de la <strong>Dra. Valentina Rieseco<\/strong>, quien recientemente obtuvo el grado de <strong>Doctora en Derecho (PhD in Law)<\/strong> tras la exitosa defensa de su tesis realizada el pasado <strong>10 de septiembre<\/strong> en la <strong>University of Edinburgh<\/strong>, Escocia.<\/p>\n\n\n\n<p>La defensa fue dirigida por un comit\u00e9 internacional de alto nivel, moderado por la <strong>Dra. Kathryn Nash<\/strong> (University of Edinburgh) e integrado por la <strong>Dra. Elizabeth Salm\u00f3n<\/strong> (PUCP, externa) y la <strong>Dra. Michelle Burgu\u00eds-Kastala<\/strong> (University of Edinburgh, interna).<\/p>\n\n\n\n<p>Desde la FACE-UBB expresaron sus felicitaciones a la acad\u00e9mica, destacando que su logro <strong>fortalece el cuerpo docente de la facultad<\/strong> y abre nuevas proyecciones de vinculaci\u00f3n, formaci\u00f3n jur\u00eddica y contribuciones acad\u00e9micas tanto para la carrera de Derecho como para los estudiantes de la instituci\u00f3n.<\/p>\n\n\n\n<p>Este hito consolida el compromiso de la Universidad del B\u00edo-B\u00edo con la excelencia acad\u00e9mica y la formaci\u00f3n de profesionales altamente capacitados para los desaf\u00edos del \u00e1mbito jur\u00eddico nacional e internacional.<\/p>\n\n\n\n<p><\/p>\n","protected":false},"excerpt":{"rendered":"<p>La Facultad de Ciencias Empresariales de la Universidad del B\u00edo-B\u00edo (FACE-UBB) destac\u00f3 el importante logro acad\u00e9mico de la Dra. Valentina Rieseco, quien recientemente obtuvo el grado de Doctora en Derecho (PhD in Law) tras la exitosa defensa de su tesis realizada el pasado 10 de septiembre en la University of Edinburgh, Escocia. La defensa fue [&hellip;]<\/p>\n","protected":false},"author":1,"featured_media":232,"comment_status":"open","ping_status":"open","sticky":false,"template":"","format":"standard","meta":{"footnotes":""},"categories":[8],"tags":[],"class_list":["post-231","post","type-post","status-publish","format-standard","has-post-thumbnail","hentry","category-noticias-de-interes"],"_links":{"self":[{"href":"https:\/\/derecho.face.ubiobio.cl\/index.php?rest_route=\/wp\/v2\/posts\/231","targetHints":{"allow":["GET"]}}],"collection":[{"href":"https:\/\/derecho.face.ubiobio.cl\/index.php?rest_route=\/wp\/v2\/posts"}],"about":[{"href":"https:\/\/derecho.face.ubiobio.cl\/index.php?rest_route=\/wp\/v2\/types\/post"}],"author":[{"embeddable":true,"href":"https:\/\/derecho.face.ubiobio.cl\/index.php?rest_route=\/wp\/v2\/users\/1"}],"replies":[{"embeddable":true,"href":"https:\/\/derecho.face.ubiobio.cl\/index.php?rest_route=%2Fwp%2Fv2%2Fcomments&post=231"}],"version-history":[{"count":1,"href":"https:\/\/derecho.face.ubiobio.cl\/index.php?rest_route=\/wp\/v2\/posts\/231\/revisions"}],"predecessor-version":[{"id":233,"href":"https:\/\/derecho.face.ubiobio.cl\/index.php?rest_route=\/wp\/v2\/posts\/231\/revisions\/233"}],"wp:featuredmedia":[{"embeddable":true,"href":"https:\/\/derecho.face.ubiobio.cl\/index.php?rest_route=\/wp\/v2\/media\/232"}],"wp:attachment":[{"href":"https:\/\/derecho.face.ubiobio.cl\/index.php?rest_route=%2Fwp%2Fv2%2Fmedia&parent=231"}],"wp:term":[{"taxonomy":"category","embeddable":true,"href":"https:\/\/derecho.face.ubiobio.cl\/index.php?rest_route=%2Fwp%2Fv2%2Fcategories&post=231"},{"taxonomy":"post_tag","embeddable":true,"href":"https:\/\/derecho.face.ubiobio.cl\/index.php?rest_route=%2Fwp%2Fv2%2Ftags&post=231"}],"curies":[{"name":"wp","href":"https:\/\/api.w.org\/{rel}","templated":true}]}}