{"id":271,"date":"2025-11-10T08:50:56","date_gmt":"2025-11-10T11:50:56","guid":{"rendered":"https:\/\/derecho.face.ubiobio.cl\/?p=271"},"modified":"2025-11-26T08:51:56","modified_gmt":"2025-11-26T11:51:56","slug":"inauguran-espacios-recientemente-mejorados-en-la-facultad-de-ciencias-empresariales-ubb","status":"publish","type":"post","link":"https:\/\/derecho.face.ubiobio.cl\/?p=271","title":{"rendered":"Inauguran espacios recientemente mejorados en la Facultad de Ciencias Empresariales UBB"},"content":{"rendered":"\n<p><\/p>\n\n\n\n<p>En el marco de la Cuenta Anual de la Facultad de Ciencias Empresariales de la Universidad del B\u00edo-B\u00edo (FACE UBB), se realiz\u00f3 una ceremonia que incluy\u00f3 el corte de cinta para inaugurar los espacios recientemente mejorados de la Facultad.<\/p>\n\n\n\n<p>Durante la jornada, se compartieron los principales logros y avances del periodo, y se presentaron las mejoras realizadas, entre ellas un pasillo y dos patios que hoy lucen renovados y pensados para el bienestar de la comunidad universitaria. Autoridades, acad\u00e9micos, funcionarios y estudiantes participaron del acto simb\u00f3lico que marca la apertura oficial de estos espacios.<\/p>\n\n\n\n<p>La actividad se desarroll\u00f3 en un ambiente de cercan\u00eda y reconocimiento al trabajo realizado para mejorar las condiciones y el entorno de quienes forman parte de la FACE UBB.<\/p>\n\n\n\n<figure class=\"wp-block-gallery has-nested-images columns-default is-cropped wp-block-gallery-1 is-layout-flex wp-block-gallery-is-layout-flex\">\n<figure class=\"wp-block-image size-large\"><img fetchpriority=\"high\" decoding=\"async\" width=\"1024\" height=\"685\" data-id=\"273\" src=\"https:\/\/derecho.face.ubiobio.cl\/wp-content\/uploads\/2025\/11\/s1df45a5f4-1024x685.jpg\" alt=\"\" class=\"wp-image-273\" srcset=\"https:\/\/derecho.face.ubiobio.cl\/wp-content\/uploads\/2025\/11\/s1df45a5f4-1024x685.jpg 1024w, https:\/\/derecho.face.ubiobio.cl\/wp-content\/uploads\/2025\/11\/s1df45a5f4-300x201.jpg 300w, https:\/\/derecho.face.ubiobio.cl\/wp-content\/uploads\/2025\/11\/s1df45a5f4-768x513.jpg 768w, https:\/\/derecho.face.ubiobio.cl\/wp-content\/uploads\/2025\/11\/s1df45a5f4.jpg 1080w\" sizes=\"(max-width: 1024px) 100vw, 1024px\" \/><\/figure>\n\n\n\n<figure class=\"wp-block-image size-large\"><img decoding=\"async\" width=\"1024\" height=\"684\" data-id=\"274\" src=\"https:\/\/derecho.face.ubiobio.cl\/wp-content\/uploads\/2025\/11\/g5gh4j56fg-1024x684.jpg\" alt=\"\" class=\"wp-image-274\" srcset=\"https:\/\/derecho.face.ubiobio.cl\/wp-content\/uploads\/2025\/11\/g5gh4j56fg-1024x684.jpg 1024w, https:\/\/derecho.face.ubiobio.cl\/wp-content\/uploads\/2025\/11\/g5gh4j56fg-300x200.jpg 300w, https:\/\/derecho.face.ubiobio.cl\/wp-content\/uploads\/2025\/11\/g5gh4j56fg-768x513.jpg 768w, https:\/\/derecho.face.ubiobio.cl\/wp-content\/uploads\/2025\/11\/g5gh4j56fg.jpg 1080w\" sizes=\"(max-width: 1024px) 100vw, 1024px\" \/><\/figure>\n\n\n\n<figure class=\"wp-block-image size-large\"><img decoding=\"async\" width=\"1024\" height=\"684\" data-id=\"275\" src=\"https:\/\/derecho.face.ubiobio.cl\/wp-content\/uploads\/2025\/11\/r8w7e97rw-1024x684.jpg\" alt=\"\" class=\"wp-image-275\" srcset=\"https:\/\/derecho.face.ubiobio.cl\/wp-content\/uploads\/2025\/11\/r8w7e97rw-1024x684.jpg 1024w, https:\/\/derecho.face.ubiobio.cl\/wp-content\/uploads\/2025\/11\/r8w7e97rw-300x200.jpg 300w, https:\/\/derecho.face.ubiobio.cl\/wp-content\/uploads\/2025\/11\/r8w7e97rw-768x513.jpg 768w, https:\/\/derecho.face.ubiobio.cl\/wp-content\/uploads\/2025\/11\/r8w7e97rw.jpg 1080w\" sizes=\"(max-width: 1024px) 100vw, 1024px\" \/><\/figure>\n<\/figure>\n","protected":false},"excerpt":{"rendered":"<p>En el marco de la Cuenta Anual de la Facultad de Ciencias Empresariales de la Universidad del B\u00edo-B\u00edo (FACE UBB), se realiz\u00f3 una ceremonia que incluy\u00f3 el corte de cinta para inaugurar los espacios recientemente mejorados de la Facultad. Durante la jornada, se compartieron los principales logros y avances del periodo, y se presentaron las [&hellip;]<\/p>\n","protected":false},"author":1,"featured_media":272,"comment_status":"open","ping_status":"open","sticky":false,"template":"","format":"standard","meta":{"footnotes":""},"categories":[8],"tags":[],"class_list":["post-271","post","type-post","status-publish","format-standard","has-post-thumbnail","hentry","category-noticias-de-interes"],"_links":{"self":[{"href":"https:\/\/derecho.face.ubiobio.cl\/index.php?rest_route=\/wp\/v2\/posts\/271","targetHints":{"allow":["GET"]}}],"collection":[{"href":"https:\/\/derecho.face.ubiobio.cl\/index.php?rest_route=\/wp\/v2\/posts"}],"about":[{"href":"https:\/\/derecho.face.ubiobio.cl\/index.php?rest_route=\/wp\/v2\/types\/post"}],"author":[{"embeddable":true,"href":"https:\/\/derecho.face.ubiobio.cl\/index.php?rest_route=\/wp\/v2\/users\/1"}],"replies":[{"embeddable":true,"href":"https:\/\/derecho.face.ubiobio.cl\/index.php?rest_route=%2Fwp%2Fv2%2Fcomments&post=271"}],"version-history":[{"count":1,"href":"https:\/\/derecho.face.ubiobio.cl\/index.php?rest_route=\/wp\/v2\/posts\/271\/revisions"}],"predecessor-version":[{"id":276,"href":"https:\/\/derecho.face.ubiobio.cl\/index.php?rest_route=\/wp\/v2\/posts\/271\/revisions\/276"}],"wp:featuredmedia":[{"embeddable":true,"href":"https:\/\/derecho.face.ubiobio.cl\/index.php?rest_route=\/wp\/v2\/media\/272"}],"wp:attachment":[{"href":"https:\/\/derecho.face.ubiobio.cl\/index.php?rest_route=%2Fwp%2Fv2%2Fmedia&parent=271"}],"wp:term":[{"taxonomy":"category","embeddable":true,"href":"https:\/\/derecho.face.ubiobio.cl\/index.php?rest_route=%2Fwp%2Fv2%2Fcategories&post=271"},{"taxonomy":"post_tag","embeddable":true,"href":"https:\/\/derecho.face.ubiobio.cl\/index.php?rest_route=%2Fwp%2Fv2%2Ftags&post=271"}],"curies":[{"name":"wp","href":"https:\/\/api.w.org\/{rel}","templated":true}]}}